
{"id":2269,"date":"2026-08-17T09:30:30","date_gmt":"2026-08-17T07:30:30","guid":{"rendered":"https:\/\/przedszkole122.edu.wroclaw.pl\/?p=2269"},"modified":"2026-08-17T09:30:30","modified_gmt":"2026-08-17T07:30:30","slug":"zajecia-adaptacyjne-dla-najmlodszych","status":"publish","type":"post","link":"https:\/\/przedszkole122.edu.wroclaw.pl\/index.php\/2026\/08\/17\/zajecia-adaptacyjne-dla-najmlodszych\/","title":{"rendered":"Zaj\u0119cia adaptacyjne dla najm\u0142odszych"},"content":{"rendered":"<p>Zapraszamy serdecznie<br \/>\nnajm\u0142odsze przedszkolaki (rocznik 2023) rozpoczynaj\u0105ce swoj\u0105 przygod\u0119 z naszym przedszkolem na zaj\u0119cia adaptacyjne,<br \/>\nkt\u00f3re odb\u0119d\u0105 si\u0119 27.08.2026 roku o godzinie 10:00.<\/p>\n<p>Zapraszamy \ud83d\ude42 <\/p>\n","protected":false},"excerpt":{"rendered":"<p>Zapraszamy serdecznie najm\u0142odsze przedszkolaki (rocznik 2023) rozpoczynaj\u0105ce swoj\u0105 przygod\u0119 z naszym przedszkolem na zaj\u0119cia adaptacyjne, kt\u00f3re odb\u0119d\u0105 si\u0119 27.08.2026 roku o godzinie 10:00. Zapraszamy \ud83d\ude42<\/p>\n","protected":false},"author":89,"featured_media":1933,"comment_status":"closed","ping_status":"open","sticky":false,"template":"","format":"standard","meta":{"ngg_post_thumbnail":0,"footnotes":""},"categories":[4],"tags":[],"class_list":["post-2269","post","type-post","status-publish","format-standard","has-post-thumbnail","hentry","category-aktualnosci","clearfix"],"_links":{"self":[{"href":"https:\/\/przedszkole122.edu.wroclaw.pl\/index.php\/wp-json\/wp\/v2\/posts\/2269","targetHints":{"allow":["GET"]}}],"collection":[{"href":"https:\/\/przedszkole122.edu.wroclaw.pl\/index.php\/wp-json\/wp\/v2\/posts"}],"about":[{"href":"https:\/\/przedszkole122.edu.wroclaw.pl\/index.php\/wp-json\/wp\/v2\/types\/post"}],"author":[{"embeddable":true,"href":"https:\/\/przedszkole122.edu.wroclaw.pl\/index.php\/wp-json\/wp\/v2\/users\/89"}],"replies":[{"embeddable":true,"href":"https:\/\/przedszkole122.edu.wroclaw.pl\/index.php\/wp-json\/wp\/v2\/comments?post=2269"}],"version-history":[{"count":1,"href":"https:\/\/przedszkole122.edu.wroclaw.pl\/index.php\/wp-json\/wp\/v2\/posts\/2269\/revisions"}],"predecessor-version":[{"id":2270,"href":"https:\/\/przedszkole122.edu.wroclaw.pl\/index.php\/wp-json\/wp\/v2\/posts\/2269\/revisions\/2270"}],"wp:attachment":[{"href":"https:\/\/przedszkole122.edu.wroclaw.pl\/index.php\/wp-json\/wp\/v2\/media?parent=2269"}],"wp:term":[{"taxonomy":"category","embeddable":true,"href":"https:\/\/przedszkole122.edu.wroclaw.pl\/index.php\/wp-json\/wp\/v2\/categories?post=2269"},{"taxonomy":"post_tag","embeddable":true,"href":"https:\/\/przedszkole122.edu.wroclaw.pl\/index.php\/wp-json\/wp\/v2\/tags?post=2269"}],"curies":[{"name":"wp","href":"https:\/\/api.w.org\/{rel}","templated":true}]}}